{"id":9601,"date":"2020-12-02T05:49:17","date_gmt":"2020-12-02T05:49:17","guid":{"rendered":"https:\/\/cdu-kempen.de\/?p=9601"},"modified":"2020-12-02T05:49:17","modified_gmt":"2020-12-02T05:49:17","slug":"erweiterung-gewerbegebiet-in-toenisberg","status":"publish","type":"post","link":"https:\/\/cdu-kempen.de\/index.php\/erweiterung-gewerbegebiet-in-toenisberg\/","title":{"rendered":"Erweiterung Gewerbegebiet in T\u00f6nisberg"},"content":{"rendered":"<p><img loading=\"lazy\" decoding=\"async\" class=\"aligncenter wp-image-9603 size-full\" src=\"https:\/\/cdu-kempen.de\/wp-content\/uploads\/2020\/12\/Toenisberg-II.png\" alt=\"\" width=\"740\" height=\"411\" srcset=\"https:\/\/cdu-kempen.de\/wp-content\/uploads\/2020\/12\/Toenisberg-II.png 740w, https:\/\/cdu-kempen.de\/wp-content\/uploads\/2020\/12\/Toenisberg-II-390x217.png 390w\" sizes=\"(max-width: 740px) 100vw, 740px\" \/><\/p>\n<p style=\"text-align: center\">Grafik: Ratsinformationssystem Stadt Kempen<\/p>\n<p>&nbsp;<\/p>\n<p>In der j\u00fcngsten Sitzung des Rates der Stadt Kempen wurde die \u00c4nderung des Fl\u00e4chennutzungsplans f\u00fcr die gewerbliche Baufl\u00e4che im Bereich Vluyner Stra\u00dfe \/ Neuenweg in T\u00f6nisberg mit dem Beschluss zur fr\u00fchzeitigen Beteiligung der \u00d6ffentlichkeit auf den Weg gebracht.<\/p>\n<p>Der CDU Ortsausschuss T\u00f6nisberg bef\u00fcrwortet diese Entscheidung ausdr\u00fccklich, da die Nachfrage nach Gewerbegrundst\u00fccken im Ort durch die ans\u00e4ssigen Handwerker \/ Unternehmen deutlich vorhanden ist. Das Angebot an freien Gewerbegrundst\u00fccken ist in T\u00f6nisberg seit l\u00e4ngerer Zeit ersch\u00f6pft. Die gewerblichen Entwicklungen auf dem Zechengel\u00e4nde wurden seitens der CDU schon immer mit Nachdruck unterst\u00fctzt, bieten jedoch auf absehbare Zeit keine planbare Perspektive.\u00a0Deshalb wurde bereits in der vergangenen Wahlperiode durch die CDU Fraktion auf die gewerbliche Erweiterung in diesem bislang unbebauten Teil im Anschluss an das bestehende Gewerbegebiet hingewiesen. Der nun begonnene planerische Prozess wird von uns mit besonderem Nachdruck unterst\u00fctzt.<\/p>\n<p>\u201eDie zuk\u00fcnftige Entwicklung unseres Heimatdorfes T\u00f6nisberg h\u00e4ngt ma\u00dfgebend von den \u00f6rtlichen Gewerbefl\u00e4chen ab. Neu geschaffene Arbeitspl\u00e4tze sind ein wichtiger Baustein f\u00fcr die infrastrukturelle und gesellschaftliche Entwicklung unseres Dorfes,\u201c so die CDU-Stadtverordneten aus T\u00f6nisberg, Till Rodheudt und Maximilian Thelen. \u201eDa uns eine hohe Nachfrage von Unternehmen aus dem Ort bekannt ist, sollten die weiteren Schritte hin zur Erstellung eines Bebauungsplans so schnell wie m\u00f6glich erfolgen.\u201c<\/p>\n<p>\u201eF\u00fcr uns als CDU ist es besonders wichtig, die einzelnen Stadtteile zu st\u00e4rken und gut f\u00fcr die Zukunft aufzustellen. Daher werden wir diesen Prozess, sowie die gewerbliche Entwicklung des Zechengel\u00e4ndes wohlwollend begleiten.\u201c erg\u00e4nzt Ortsausschussvorsitzender Heinz Kaufhardt.<\/p>\n<p>&nbsp;<\/p>\n","protected":false},"excerpt":{"rendered":"<p>Grafik: Ratsinformationssystem Stadt Kempen &nbsp; In der j\u00fcngsten Sitzung des Rates der Stadt Kempen wurde die \u00c4nderung des Fl\u00e4chennutzungsplans f\u00fcr die gewerbliche Baufl\u00e4che im Bereich Vluyner Stra\u00dfe \/ Neuenweg in T\u00f6nisberg mit dem Beschluss zur fr\u00fchzeitigen Beteiligung der \u00d6ffentlichkeit auf den Weg gebracht. Der CDU Ortsausschuss T\u00f6nisberg bef\u00fcrwortet diese Entscheidung ausdr\u00fccklich, da die Nachfrage nach [&hellip;]<\/p>\n","protected":false},"author":5,"featured_media":9602,"comment_status":"closed","ping_status":"open","sticky":false,"template":"","format":"standard","meta":{"_et_pb_use_builder":"","_et_pb_old_content":"","_et_gb_content_width":"","footnotes":""},"categories":[1],"tags":[],"class_list":["post-9601","post","type-post","status-publish","format-standard","has-post-thumbnail","hentry","category-uncategorized"],"_links":{"self":[{"href":"https:\/\/cdu-kempen.de\/index.php\/wp-json\/wp\/v2\/posts\/9601"}],"collection":[{"href":"https:\/\/cdu-kempen.de\/index.php\/wp-json\/wp\/v2\/posts"}],"about":[{"href":"https:\/\/cdu-kempen.de\/index.php\/wp-json\/wp\/v2\/types\/post"}],"author":[{"embeddable":true,"href":"https:\/\/cdu-kempen.de\/index.php\/wp-json\/wp\/v2\/users\/5"}],"replies":[{"embeddable":true,"href":"https:\/\/cdu-kempen.de\/index.php\/wp-json\/wp\/v2\/comments?post=9601"}],"version-history":[{"count":3,"href":"https:\/\/cdu-kempen.de\/index.php\/wp-json\/wp\/v2\/posts\/9601\/revisions"}],"predecessor-version":[{"id":9606,"href":"https:\/\/cdu-kempen.de\/index.php\/wp-json\/wp\/v2\/posts\/9601\/revisions\/9606"}],"wp:featuredmedia":[{"embeddable":true,"href":"https:\/\/cdu-kempen.de\/index.php\/wp-json\/wp\/v2\/media\/9602"}],"wp:attachment":[{"href":"https:\/\/cdu-kempen.de\/index.php\/wp-json\/wp\/v2\/media?parent=9601"}],"wp:term":[{"taxonomy":"category","embeddable":true,"href":"https:\/\/cdu-kempen.de\/index.php\/wp-json\/wp\/v2\/categories?post=9601"},{"taxonomy":"post_tag","embeddable":true,"href":"https:\/\/cdu-kempen.de\/index.php\/wp-json\/wp\/v2\/tags?post=9601"}],"curies":[{"name":"wp","href":"https:\/\/api.w.org\/{rel}","templated":true}]}}