{"id":9653,"date":"2020-12-23T15:26:17","date_gmt":"2020-12-23T15:26:17","guid":{"rendered":"https:\/\/cdu-kempen.de\/?p=9653"},"modified":"2020-12-23T15:34:53","modified_gmt":"2020-12-23T15:34:53","slug":"die-cdu-kempen-wuenscht-ein-schoenes-und-gesegnetes-weihnachtsfest","status":"publish","type":"post","link":"https:\/\/cdu-kempen.de\/index.php\/die-cdu-kempen-wuenscht-ein-schoenes-und-gesegnetes-weihnachtsfest\/","title":{"rendered":"Die CDU Kempen w\u00fcnscht ein sch\u00f6nes und gesegnetes Weihnachtsfest"},"content":{"rendered":"<p>Nun ist wirklich Weihnachten &#8211; und dieses Jahr f\u00fchlt es sich gar nicht so an.<\/p>\n<p>Vieles ist in diesem Jahr anders als sonst gewesen. Das Jahr 2020 war ein Jahr voller Herausforderungen und hat uns allen sehr viel abverlangt.<\/p>\n<p>Die Corona-Pandemie hat die Welt in Atem gehalten und tut es weiterhin.<\/p>\n<p>Leider k\u00f6nnen wir an Weihnachten 2020 unsere Familie und Freunde aufgrund der Corona-Pandemie nicht wie gewohnt sehen.<\/p>\n<p>Die CDU Kempen w\u00fcnscht trotz allem ein sch\u00f6nes und gesegnetes Weihnachtsfest und ein gl\u00fcckliches und gesundes neues Jahr.<\/p>\n<p>&nbsp;<\/p>\n<p>&nbsp;<\/p>\n<p>&nbsp;<\/p>\n<p>&nbsp;<\/p>\n","protected":false},"excerpt":{"rendered":"<p>Nun ist wirklich Weihnachten &#8211; und dieses Jahr f\u00fchlt es sich gar nicht so an. Vieles ist in diesem Jahr anders als sonst gewesen. Das Jahr 2020 war ein Jahr voller Herausforderungen und hat uns allen sehr viel abverlangt. Die Corona-Pandemie hat die Welt in Atem gehalten und tut es weiterhin. Leider k\u00f6nnen wir an [&hellip;]<\/p>\n","protected":false},"author":6,"featured_media":9659,"comment_status":"closed","ping_status":"open","sticky":false,"template":"","format":"standard","meta":{"_et_pb_use_builder":"","_et_pb_old_content":"","_et_gb_content_width":"","footnotes":""},"categories":[1],"tags":[],"class_list":["post-9653","post","type-post","status-publish","format-standard","has-post-thumbnail","hentry","category-uncategorized"],"_links":{"self":[{"href":"https:\/\/cdu-kempen.de\/index.php\/wp-json\/wp\/v2\/posts\/9653"}],"collection":[{"href":"https:\/\/cdu-kempen.de\/index.php\/wp-json\/wp\/v2\/posts"}],"about":[{"href":"https:\/\/cdu-kempen.de\/index.php\/wp-json\/wp\/v2\/types\/post"}],"author":[{"embeddable":true,"href":"https:\/\/cdu-kempen.de\/index.php\/wp-json\/wp\/v2\/users\/6"}],"replies":[{"embeddable":true,"href":"https:\/\/cdu-kempen.de\/index.php\/wp-json\/wp\/v2\/comments?post=9653"}],"version-history":[{"count":3,"href":"https:\/\/cdu-kempen.de\/index.php\/wp-json\/wp\/v2\/posts\/9653\/revisions"}],"predecessor-version":[{"id":9658,"href":"https:\/\/cdu-kempen.de\/index.php\/wp-json\/wp\/v2\/posts\/9653\/revisions\/9658"}],"wp:featuredmedia":[{"embeddable":true,"href":"https:\/\/cdu-kempen.de\/index.php\/wp-json\/wp\/v2\/media\/9659"}],"wp:attachment":[{"href":"https:\/\/cdu-kempen.de\/index.php\/wp-json\/wp\/v2\/media?parent=9653"}],"wp:term":[{"taxonomy":"category","embeddable":true,"href":"https:\/\/cdu-kempen.de\/index.php\/wp-json\/wp\/v2\/categories?post=9653"},{"taxonomy":"post_tag","embeddable":true,"href":"https:\/\/cdu-kempen.de\/index.php\/wp-json\/wp\/v2\/tags?post=9653"}],"curies":[{"name":"wp","href":"https:\/\/api.w.org\/{rel}","templated":true}]}}