{"id":9712,"date":"2021-04-03T10:16:29","date_gmt":"2021-04-03T10:16:29","guid":{"rendered":"https:\/\/cdu-kempen.de\/?p=9712"},"modified":"2021-04-03T10:16:29","modified_gmt":"2021-04-03T10:16:29","slug":"digitale-bewerber-vorstellung-fuer-die-cdu-bundestagskandidatur","status":"publish","type":"post","link":"https:\/\/cdu-kempen.de\/index.php\/digitale-bewerber-vorstellung-fuer-die-cdu-bundestagskandidatur\/","title":{"rendered":"Digitale Bewerber-Vorstellung f\u00fcr die CDU-Bundestagskandidatur"},"content":{"rendered":"<p>Die Bewerber f\u00fcr die CDU-Bundestagskandidatur 2021 im Kreis Viersen nutzten die Gelegenheit, sich im Rahmen einer digitalen Vorstellungsrunde vorzustellen. Die von der CDU Kempen und der JU &#8211; Junge Union Kempen Grefrath durchgef\u00fchrte Veranstaltung war die erste dieser Art im CDU-Kreisverband Viersen. \u00dcber den heimischen Bildschirm konnten sich die Mitglieder der CDU Kempen und der JU Kempen-Grefrath ein Bild von den Bewerbern machen. Die \u00fcber 50 Teilnehmer nutzten die M\u00f6glichkeit, den Bewerbern Fragen zu stellen und zu diskutieren. Es war ein informativer und spannender Abend. Wir w\u00fcnschen den Kandidaten weiterhin viel Erfolg.<\/p>\n<p>Auf dem Kreisparteitag treffen dann die CDU-Mitglieder die Entscheidung, wer bei der Bundestagswahl im September 2021 als Bundestagskandidat f\u00fcr die CDU im Kreis Viersen dien Nachfolge von Uwer Schummer (MdB) antritt.<\/p>\n<p>&nbsp;<\/p>\n<p><img loading=\"lazy\" decoding=\"async\" class=\"alignnone size-medium wp-image-9717\" src=\"https:\/\/cdu-kempen.de\/wp-content\/uploads\/2021\/04\/FB_IMG_1616929628855-390x245.jpg\" alt=\"\" width=\"390\" height=\"245\" \/><\/p>\n<p>Sebastian Achten<\/p>\n<p><img loading=\"lazy\" decoding=\"async\" class=\"alignnone size-medium wp-image-9718\" src=\"https:\/\/cdu-kempen.de\/wp-content\/uploads\/2021\/04\/FB_IMG_1616929613559-390x245.jpg\" alt=\"\" width=\"390\" height=\"245\" \/><\/p>\n<p>Dr.-Ing, Klaus-Ruthard Frisch<\/p>\n<p><img loading=\"lazy\" decoding=\"async\" class=\"alignnone size-medium wp-image-9719\" src=\"https:\/\/cdu-kempen.de\/wp-content\/uploads\/2021\/04\/FB_IMG_1616929640733-390x245.jpg\" alt=\"\" width=\"390\" height=\"245\" \/><\/p>\n<p>Dr. Dirk Louy<\/p>\n<p><img loading=\"lazy\" decoding=\"async\" class=\"alignnone size-medium wp-image-9720\" src=\"https:\/\/cdu-kempen.de\/wp-content\/uploads\/2021\/04\/FB_IMG_1616929633519-390x245.jpg\" alt=\"\" width=\"390\" height=\"245\" srcset=\"https:\/\/cdu-kempen.de\/wp-content\/uploads\/2021\/04\/FB_IMG_1616929633519-390x245.jpg 390w, https:\/\/cdu-kempen.de\/wp-content\/uploads\/2021\/04\/FB_IMG_1616929633519-388x245.jpg 388w, https:\/\/cdu-kempen.de\/wp-content\/uploads\/2021\/04\/FB_IMG_1616929633519-768x485.jpg 768w, https:\/\/cdu-kempen.de\/wp-content\/uploads\/2021\/04\/FB_IMG_1616929633519.jpg 823w\" sizes=\"(max-width: 390px) 100vw, 390px\" \/><\/p>\n<p>Dr. Martin Plum<\/p>\n<p><img loading=\"lazy\" decoding=\"async\" class=\"alignnone size-medium wp-image-9721\" src=\"https:\/\/cdu-kempen.de\/wp-content\/uploads\/2021\/04\/FB_IMG_1616929622810-390x245.jpg\" alt=\"\" width=\"390\" height=\"245\" \/><\/p>\n<p>Till Rodheudt<\/p>\n","protected":false},"excerpt":{"rendered":"<p>Die Bewerber f\u00fcr die CDU-Bundestagskandidatur 2021 im Kreis Viersen nutzten die Gelegenheit, sich im Rahmen einer digitalen Vorstellungsrunde vorzustellen. Die von der CDU Kempen und der JU &#8211; Junge Union Kempen Grefrath durchgef\u00fchrte Veranstaltung war die erste dieser Art im CDU-Kreisverband Viersen. \u00dcber den heimischen Bildschirm konnten sich die Mitglieder der CDU Kempen und der [&hellip;]<\/p>\n","protected":false},"author":5,"featured_media":9716,"comment_status":"closed","ping_status":"open","sticky":false,"template":"","format":"standard","meta":{"_et_pb_use_builder":"","_et_pb_old_content":"","_et_gb_content_width":"","footnotes":""},"categories":[1],"tags":[],"class_list":["post-9712","post","type-post","status-publish","format-standard","has-post-thumbnail","hentry","category-uncategorized"],"_links":{"self":[{"href":"https:\/\/cdu-kempen.de\/index.php\/wp-json\/wp\/v2\/posts\/9712"}],"collection":[{"href":"https:\/\/cdu-kempen.de\/index.php\/wp-json\/wp\/v2\/posts"}],"about":[{"href":"https:\/\/cdu-kempen.de\/index.php\/wp-json\/wp\/v2\/types\/post"}],"author":[{"embeddable":true,"href":"https:\/\/cdu-kempen.de\/index.php\/wp-json\/wp\/v2\/users\/5"}],"replies":[{"embeddable":true,"href":"https:\/\/cdu-kempen.de\/index.php\/wp-json\/wp\/v2\/comments?post=9712"}],"version-history":[{"count":11,"href":"https:\/\/cdu-kempen.de\/index.php\/wp-json\/wp\/v2\/posts\/9712\/revisions"}],"predecessor-version":[{"id":9729,"href":"https:\/\/cdu-kempen.de\/index.php\/wp-json\/wp\/v2\/posts\/9712\/revisions\/9729"}],"wp:featuredmedia":[{"embeddable":true,"href":"https:\/\/cdu-kempen.de\/index.php\/wp-json\/wp\/v2\/media\/9716"}],"wp:attachment":[{"href":"https:\/\/cdu-kempen.de\/index.php\/wp-json\/wp\/v2\/media?parent=9712"}],"wp:term":[{"taxonomy":"category","embeddable":true,"href":"https:\/\/cdu-kempen.de\/index.php\/wp-json\/wp\/v2\/categories?post=9712"},{"taxonomy":"post_tag","embeddable":true,"href":"https:\/\/cdu-kempen.de\/index.php\/wp-json\/wp\/v2\/tags?post=9712"}],"curies":[{"name":"wp","href":"https:\/\/api.w.org\/{rel}","templated":true}]}}