{"id":9796,"date":"2021-05-24T15:02:48","date_gmt":"2021-05-24T15:02:48","guid":{"rendered":"https:\/\/cdu-kempen.de\/?p=9796"},"modified":"2021-05-24T15:08:14","modified_gmt":"2021-05-24T15:08:14","slug":"cdu-kreis-viersen-waehlt-dr-martin-plum-als-bundestagskandidat","status":"publish","type":"post","link":"https:\/\/cdu-kempen.de\/index.php\/cdu-kreis-viersen-waehlt-dr-martin-plum-als-bundestagskandidat\/","title":{"rendered":"CDU Kreis Viersen w\u00e4hlt Dr. Martin Plum als Bundestagskandidat"},"content":{"rendered":"<p>Uwe Schummer, der den Kreis Viersen seit 2002 im Bundestag vertreten hat, wird bei der Bundestagswahl im September 2021 nicht mehr antreten.<\/p>\n<p>In einem offenen Verfahren als Mitgliederentscheid w\u00e4hlten die CDU-Mitglieder im Kreis Viersen daher an diesem Pfingstwochenende den Nachfolger f\u00fcr Uwe Schummer f\u00fcr die Kandidatur zur Bundestagswahl 2021.<\/p>\n<p>Nach der Vorstellung aller Kandidaten und einem ersten Wahlgang am Pfingstsamstag erfolgte die finale Abstimmung durch eine Stichwahl am Pfingstmontag zwischen Dr. Dirk Louy aus T\u00f6nisvorst und Dr. Martin Plum aus Viersen.<\/p>\n<p>In dieser Stichwahl setzte sich Dr. Martin Plum mit 415 Stimmen (53,0%) gegen Dr. Dirk Louy (368 Stimmen) durch.<\/p>\n<p>Der CDU-Stadtverband Kempen gratuliert Dr. Plum recht herzlich.<\/p>\n<h4><strong>Infos zu Dr. Martin Plum <\/strong><\/h4>\n<p>Rede Parteitag: <a href=\"https:\/\/www.webstream.eu\/channel\/cdukvviersen\/vf5253\/embed\" target=\"_blank\" rel=\"noreferrer noopener\">https:\/\/www.webstream.eu\/channel\/cdukvviersen\/vf5253\/embed<\/a><br \/>\nHomepage: <a href=\"https:\/\/martin-plum.de\/\" target=\"_blank\" rel=\"noreferrer noopener\">https:\/\/martin-plum.de\/<\/a><\/p>\n","protected":false},"excerpt":{"rendered":"<p>Uwe Schummer, der den Kreis Viersen seit 2002 im Bundestag vertreten hat, wird bei der Bundestagswahl im September 2021 nicht mehr antreten. In einem offenen Verfahren als Mitgliederentscheid w\u00e4hlten die CDU-Mitglieder im Kreis Viersen daher an diesem Pfingstwochenende den Nachfolger f\u00fcr Uwe Schummer f\u00fcr die Kandidatur zur Bundestagswahl 2021. Nach der Vorstellung aller Kandidaten und [&hellip;]<\/p>\n","protected":false},"author":5,"featured_media":9795,"comment_status":"closed","ping_status":"open","sticky":false,"template":"","format":"standard","meta":{"_et_pb_use_builder":"","_et_pb_old_content":"","_et_gb_content_width":"","footnotes":""},"categories":[5],"tags":[],"class_list":["post-9796","post","type-post","status-publish","format-standard","has-post-thumbnail","hentry","category-aktuelles"],"_links":{"self":[{"href":"https:\/\/cdu-kempen.de\/index.php\/wp-json\/wp\/v2\/posts\/9796"}],"collection":[{"href":"https:\/\/cdu-kempen.de\/index.php\/wp-json\/wp\/v2\/posts"}],"about":[{"href":"https:\/\/cdu-kempen.de\/index.php\/wp-json\/wp\/v2\/types\/post"}],"author":[{"embeddable":true,"href":"https:\/\/cdu-kempen.de\/index.php\/wp-json\/wp\/v2\/users\/5"}],"replies":[{"embeddable":true,"href":"https:\/\/cdu-kempen.de\/index.php\/wp-json\/wp\/v2\/comments?post=9796"}],"version-history":[{"count":7,"href":"https:\/\/cdu-kempen.de\/index.php\/wp-json\/wp\/v2\/posts\/9796\/revisions"}],"predecessor-version":[{"id":9803,"href":"https:\/\/cdu-kempen.de\/index.php\/wp-json\/wp\/v2\/posts\/9796\/revisions\/9803"}],"wp:featuredmedia":[{"embeddable":true,"href":"https:\/\/cdu-kempen.de\/index.php\/wp-json\/wp\/v2\/media\/9795"}],"wp:attachment":[{"href":"https:\/\/cdu-kempen.de\/index.php\/wp-json\/wp\/v2\/media?parent=9796"}],"wp:term":[{"taxonomy":"category","embeddable":true,"href":"https:\/\/cdu-kempen.de\/index.php\/wp-json\/wp\/v2\/categories?post=9796"},{"taxonomy":"post_tag","embeddable":true,"href":"https:\/\/cdu-kempen.de\/index.php\/wp-json\/wp\/v2\/tags?post=9796"}],"curies":[{"name":"wp","href":"https:\/\/api.w.org\/{rel}","templated":true}]}}