{"id":9805,"date":"2021-06-29T21:11:38","date_gmt":"2021-06-29T21:11:38","guid":{"rendered":"https:\/\/cdu-kempen.de\/?p=9805"},"modified":"2021-06-29T21:16:52","modified_gmt":"2021-06-29T21:16:52","slug":"cdu-ortsausschuss-reinigt-stationsschild-kamperlings","status":"publish","type":"post","link":"https:\/\/cdu-kempen.de\/index.php\/cdu-ortsausschuss-reinigt-stationsschild-kamperlings\/","title":{"rendered":"CDU Ortsausschuss reinigt Stationsschild Kamperlings"},"content":{"rendered":"<p>Auf Initiative des CDU Ortsauschuss Kempen-S\u00fcd wurde vor \u00fcber 25 Jahren das historische Bahnhofsschild \u201eKamperlings\u201c sowie die dazugeh\u00f6rige Legende am Brahmsweg aufgestellt. Der Ortsausschuss f\u00fchlt sich somit f\u00fcr die Pflege des Schildes besonders verantwortlich.<\/p>\n<p>Nunmehr haben Mitglieder des Ortsausschuss Kempen-S\u00fcd das Bahnhofsschild sowie die Legende von Verwitterung und Beschmierungen gereinigt.<\/p>\n<p>Bahnhofsschild und Legende strahlen wieder in neuem Glanz.<\/p>\n<p>Bei der Reinigung fiel auf, dass das Schild an einigen Stellen durch die Witterung bereits Roststellen zeigt.<\/p>\n<p>&#8222;Es ist schade, dass das Schild immer wieder beschmiert wird. Au\u00dferdem zeigen sich inzwischen immer mehr Roststellen. Da m\u00fcssen wir bald richtig was dran tun.&#8220; so Thomas Rox, Vorsitzender des Ortsausschusses.<\/p>\n<p>Bereits vor einigen Jahren hat der Ortsausschuss die Restaurierung der seinerzeit zerst\u00f6rten Legende mit Unterst\u00fctzung von Sponsoren vorgenommen.<\/p>\n<p>Nun wird es wohl Zeit, das Schild selbst wieder Instand zu setzen.<\/p>\n<p><img loading=\"lazy\" decoding=\"async\" class=\"alignnone size-medium wp-image-9806\" src=\"https:\/\/cdu-kempen.de\/wp-content\/uploads\/2021\/06\/Kamperlingsschild_fertig-390x245.jpg\" alt=\"\" width=\"390\" height=\"245\" \/><\/p>\n<p>(Das Bild zeigt die Mitglieder des Ortsausschuss S\u00fcd, Jochen Houben, Heinz-Peter Smits<br \/>\nund Klaus Theissen (v.l.n.r) nach der Reinigung des Schildes)<\/p>\n","protected":false},"excerpt":{"rendered":"<p>Auf Initiative des CDU Ortsauschuss Kempen-S\u00fcd wurde vor \u00fcber 25 Jahren das historische Bahnhofsschild \u201eKamperlings\u201c sowie die dazugeh\u00f6rige Legende am Brahmsweg aufgestellt. Der Ortsausschuss f\u00fchlt sich somit f\u00fcr die Pflege des Schildes besonders verantwortlich. Nunmehr haben Mitglieder des Ortsausschuss Kempen-S\u00fcd das Bahnhofsschild sowie die Legende von Verwitterung und Beschmierungen gereinigt. Bahnhofsschild und Legende strahlen wieder [&hellip;]<\/p>\n","protected":false},"author":5,"featured_media":9806,"comment_status":"closed","ping_status":"open","sticky":false,"template":"","format":"standard","meta":{"_et_pb_use_builder":"","_et_pb_old_content":"","_et_gb_content_width":"","footnotes":""},"categories":[1],"tags":[],"class_list":["post-9805","post","type-post","status-publish","format-standard","has-post-thumbnail","hentry","category-uncategorized"],"_links":{"self":[{"href":"https:\/\/cdu-kempen.de\/index.php\/wp-json\/wp\/v2\/posts\/9805"}],"collection":[{"href":"https:\/\/cdu-kempen.de\/index.php\/wp-json\/wp\/v2\/posts"}],"about":[{"href":"https:\/\/cdu-kempen.de\/index.php\/wp-json\/wp\/v2\/types\/post"}],"author":[{"embeddable":true,"href":"https:\/\/cdu-kempen.de\/index.php\/wp-json\/wp\/v2\/users\/5"}],"replies":[{"embeddable":true,"href":"https:\/\/cdu-kempen.de\/index.php\/wp-json\/wp\/v2\/comments?post=9805"}],"version-history":[{"count":3,"href":"https:\/\/cdu-kempen.de\/index.php\/wp-json\/wp\/v2\/posts\/9805\/revisions"}],"predecessor-version":[{"id":9809,"href":"https:\/\/cdu-kempen.de\/index.php\/wp-json\/wp\/v2\/posts\/9805\/revisions\/9809"}],"wp:featuredmedia":[{"embeddable":true,"href":"https:\/\/cdu-kempen.de\/index.php\/wp-json\/wp\/v2\/media\/9806"}],"wp:attachment":[{"href":"https:\/\/cdu-kempen.de\/index.php\/wp-json\/wp\/v2\/media?parent=9805"}],"wp:term":[{"taxonomy":"category","embeddable":true,"href":"https:\/\/cdu-kempen.de\/index.php\/wp-json\/wp\/v2\/categories?post=9805"},{"taxonomy":"post_tag","embeddable":true,"href":"https:\/\/cdu-kempen.de\/index.php\/wp-json\/wp\/v2\/tags?post=9805"}],"curies":[{"name":"wp","href":"https:\/\/api.w.org\/{rel}","templated":true}]}}