{"id":9813,"date":"2021-08-04T18:29:38","date_gmt":"2021-08-04T18:29:38","guid":{"rendered":"https:\/\/cdu-kempen.de\/?p=9813"},"modified":"2021-08-04T18:30:36","modified_gmt":"2021-08-04T18:30:36","slug":"ausstellung-75-jahre-cdu-eine-spannende-zeitreise","status":"publish","type":"post","link":"https:\/\/cdu-kempen.de\/index.php\/ausstellung-75-jahre-cdu-eine-spannende-zeitreise\/","title":{"rendered":"Ausstellung: 75 Jahre CDU \u2013 eine spannende Zeitreise"},"content":{"rendered":"<p class=\"v1MsoNormal\">Am 26. Juni 1945 wurde nur wenige Wochen nach dem Ende des Zweiten Weltkrieges die CDU in Berlin gegr\u00fcndet.<\/p>\n<p class=\"v1MsoNormal\">Die lokalen Gr\u00fcndungen schlossen sich an und so wird das Jahr 1946 zum Gr\u00fcndungsjahr der CDU im Kreis Kempen-Krefeld.<\/p>\n<p class=\"v1MsoNormal\">Der Kempener Hobbyfotograf und ehemalige Ratsherr der CDU Josef Lamozik und der Kempener Historiker Dr. Hans Kaiser haben<\/p>\n<p class=\"v1MsoNormal\">Bilder, Fotos, Plakate und Texte aus 75 Jahren CDU in Kempen zusammengestellt.<\/p>\n<p class=\"v1MsoNormal\">\u201eEs ist eine ganz besondere Ausstellung entstanden, die neben der Geschichte der CDU auch 75 Jahre Kempener Zeitgeschichte<\/p>\n<p class=\"v1MsoNormal\">darstellt\u201c, freut sich die Fraktionsgesch\u00e4ftsf\u00fchrerin Heike H\u00f6ltken, die f\u00fcr die CDU Kempen die Ausstellung organisiert hat.<\/p>\n<p class=\"v1MsoNormal\">Die Ausstellung 75 Jahre CDU Kempen \u2013 eine spannende Zeitreise ist in der Zeit vom 06. bis zum 31. August 2021 im Foyer des<\/p>\n<p class=\"v1MsoNormal\">Rathauses zu sehen und wird am Freitag, 06. August 2021 um 17.00 Uhr feierlich er\u00f6ffnet.<\/p>\n","protected":false},"excerpt":{"rendered":"<p>Am 26. Juni 1945 wurde nur wenige Wochen nach dem Ende des Zweiten Weltkrieges die CDU in Berlin gegr\u00fcndet. Die lokalen Gr\u00fcndungen schlossen sich an und so wird das Jahr 1946 zum Gr\u00fcndungsjahr der CDU im Kreis Kempen-Krefeld. Der Kempener Hobbyfotograf und ehemalige Ratsherr der CDU Josef Lamozik und der Kempener Historiker Dr. Hans Kaiser [&hellip;]<\/p>\n","protected":false},"author":5,"featured_media":9815,"comment_status":"closed","ping_status":"open","sticky":false,"template":"","format":"standard","meta":{"_et_pb_use_builder":"","_et_pb_old_content":"","_et_gb_content_width":"","footnotes":""},"categories":[1],"tags":[],"class_list":["post-9813","post","type-post","status-publish","format-standard","has-post-thumbnail","hentry","category-uncategorized"],"_links":{"self":[{"href":"https:\/\/cdu-kempen.de\/index.php\/wp-json\/wp\/v2\/posts\/9813"}],"collection":[{"href":"https:\/\/cdu-kempen.de\/index.php\/wp-json\/wp\/v2\/posts"}],"about":[{"href":"https:\/\/cdu-kempen.de\/index.php\/wp-json\/wp\/v2\/types\/post"}],"author":[{"embeddable":true,"href":"https:\/\/cdu-kempen.de\/index.php\/wp-json\/wp\/v2\/users\/5"}],"replies":[{"embeddable":true,"href":"https:\/\/cdu-kempen.de\/index.php\/wp-json\/wp\/v2\/comments?post=9813"}],"version-history":[{"count":2,"href":"https:\/\/cdu-kempen.de\/index.php\/wp-json\/wp\/v2\/posts\/9813\/revisions"}],"predecessor-version":[{"id":9816,"href":"https:\/\/cdu-kempen.de\/index.php\/wp-json\/wp\/v2\/posts\/9813\/revisions\/9816"}],"wp:featuredmedia":[{"embeddable":true,"href":"https:\/\/cdu-kempen.de\/index.php\/wp-json\/wp\/v2\/media\/9815"}],"wp:attachment":[{"href":"https:\/\/cdu-kempen.de\/index.php\/wp-json\/wp\/v2\/media?parent=9813"}],"wp:term":[{"taxonomy":"category","embeddable":true,"href":"https:\/\/cdu-kempen.de\/index.php\/wp-json\/wp\/v2\/categories?post=9813"},{"taxonomy":"post_tag","embeddable":true,"href":"https:\/\/cdu-kempen.de\/index.php\/wp-json\/wp\/v2\/tags?post=9813"}],"curies":[{"name":"wp","href":"https:\/\/api.w.org\/{rel}","templated":true}]}}