{"id":9848,"date":"2021-08-15T18:14:24","date_gmt":"2021-08-15T18:14:24","guid":{"rendered":"https:\/\/cdu-kempen.de\/?p=9848"},"modified":"2021-08-15T18:30:54","modified_gmt":"2021-08-15T18:30:54","slug":"cdu-vor-ort-gespraech-mit-dem-fraktionsvorsitzenden","status":"publish","type":"post","link":"https:\/\/cdu-kempen.de\/index.php\/cdu-vor-ort-gespraech-mit-dem-fraktionsvorsitzenden\/","title":{"rendered":"CDU vor Ort &#8211; Gespr\u00e4ch mit dem Fraktionsvorsitzenden"},"content":{"rendered":"<p>Der Fraktionsvorsitzende Jochen Herbst m\u00f6chte mit Ihnen und mit euch am Freitag, 20.08.2021 von 10.00 Uhr bis 12.00 Uhr im Falko auf dem Buttermarkt ins Gespr\u00e4ch kommen.<\/p>\n<p>Die Gespr\u00e4che werden in der Zukunft in regelm\u00e4\u00dfigen Abst\u00e4nden zu verschiedenen Uhrzeiten und an unterschiedlichen Tagen und Orten angeboten.<\/p>\n","protected":false},"excerpt":{"rendered":"<p>Der Fraktionsvorsitzende Jochen Herbst m\u00f6chte mit Ihnen und mit euch am Freitag, 20.08.2021 von 10.00 Uhr bis 12.00 Uhr im Falko auf dem Buttermarkt ins Gespr\u00e4ch kommen. Die Gespr\u00e4che werden in der Zukunft in regelm\u00e4\u00dfigen Abst\u00e4nden zu verschiedenen Uhrzeiten und an unterschiedlichen Tagen und Orten angeboten.<\/p>\n","protected":false},"author":6,"featured_media":9850,"comment_status":"closed","ping_status":"open","sticky":false,"template":"","format":"standard","meta":{"_et_pb_use_builder":"","_et_pb_old_content":"","_et_gb_content_width":"","footnotes":""},"categories":[1],"tags":[],"class_list":["post-9848","post","type-post","status-publish","format-standard","has-post-thumbnail","hentry","category-uncategorized"],"_links":{"self":[{"href":"https:\/\/cdu-kempen.de\/index.php\/wp-json\/wp\/v2\/posts\/9848"}],"collection":[{"href":"https:\/\/cdu-kempen.de\/index.php\/wp-json\/wp\/v2\/posts"}],"about":[{"href":"https:\/\/cdu-kempen.de\/index.php\/wp-json\/wp\/v2\/types\/post"}],"author":[{"embeddable":true,"href":"https:\/\/cdu-kempen.de\/index.php\/wp-json\/wp\/v2\/users\/6"}],"replies":[{"embeddable":true,"href":"https:\/\/cdu-kempen.de\/index.php\/wp-json\/wp\/v2\/comments?post=9848"}],"version-history":[{"count":3,"href":"https:\/\/cdu-kempen.de\/index.php\/wp-json\/wp\/v2\/posts\/9848\/revisions"}],"predecessor-version":[{"id":9853,"href":"https:\/\/cdu-kempen.de\/index.php\/wp-json\/wp\/v2\/posts\/9848\/revisions\/9853"}],"wp:featuredmedia":[{"embeddable":true,"href":"https:\/\/cdu-kempen.de\/index.php\/wp-json\/wp\/v2\/media\/9850"}],"wp:attachment":[{"href":"https:\/\/cdu-kempen.de\/index.php\/wp-json\/wp\/v2\/media?parent=9848"}],"wp:term":[{"taxonomy":"category","embeddable":true,"href":"https:\/\/cdu-kempen.de\/index.php\/wp-json\/wp\/v2\/categories?post=9848"},{"taxonomy":"post_tag","embeddable":true,"href":"https:\/\/cdu-kempen.de\/index.php\/wp-json\/wp\/v2\/tags?post=9848"}],"curies":[{"name":"wp","href":"https:\/\/api.w.org\/{rel}","templated":true}]}}