{"id":9950,"date":"2021-09-14T20:31:55","date_gmt":"2021-09-14T20:31:55","guid":{"rendered":"https:\/\/cdu-kempen.de\/?p=9950"},"modified":"2021-09-14T20:39:50","modified_gmt":"2021-09-14T20:39:50","slug":"neuer-vorsitzender-der-cdu-kempen","status":"publish","type":"post","link":"https:\/\/cdu-kempen.de\/index.php\/neuer-vorsitzender-der-cdu-kempen\/","title":{"rendered":"Neuer Vorsitzender der CDU Kempen"},"content":{"rendered":"<p>Der Kempener Stadtverband der CDU hat einen neuen Vorsitzenden.<\/p>\n<p>Carsten H\u00f6ner ist mit \u00fcberw\u00e4ltigender Mehrheit zum neuen Vorsitzenden des CDU-Stadtverbandes Kempen bei der Mitgliederversammlung im Kolpinghaus gew\u00e4hlt worden. Er erhielt bei der geheimen Abstimmung 57 Ja-Stimmen bei drei Nein-Stimmen und zwei Enthaltungen. Er tritt damit die Nachfolge von Philipp Kraft an, der das Amt des Vorsitzenden zum 30. April aus beruflichen Gr\u00fcnden niedergelegt hatte.<\/p>\n<p>Der 50-j\u00e4hrige Unternehmer ist in Kempen als Inhaber des gleichnamigen Taxi-Unternehmens bekannt. Seit 2008 ist er Mitglied der CDU und geh\u00f6rt seit 2014 der CDU-Ratsfraktion an. Seit der letzten Kommunalwahl ist er Obmann f\u00fcr den Bereich Bau- und Denkmalwesen.<\/p>\n<p>In einer k\u00e4mpferischen Bewerbungsrede pr\u00e4sentierte er sich den 62 wahlberechtigten Mitgliedern, wobei er auch Bezug auf den Vorwurf der Kempener SPD nahm, welche der CDU in Sachen Schulcampus arrogantes Verhalten vorgeworfen hat. Im vergangenen Jahr habe es ausreichende Informationen der \u00d6ffentlichkeit zu diesem Thema gegeben. Er bekr\u00e4ftigte, dass der Ludwig-Jahn-Platz die beste L\u00f6sung sei und die Kempener CDU den Mut zur Entscheidung habe. \u201cWir m\u00fcssen als CDU unsere Politik besser verkaufen\u201c betonte er.<\/p>\n<p>Die beiden bisherigen stellvertretenden Vorsitzenden, Susanne Kranzusch und Gerd-Wilhelm St\u00fcckemann, stellten sich nicht mehr zur Wahl. Als neue Stellvertreter wurden Sigrid Schrage sowie Niklas Hell und Gero Scheiermann gew\u00e4hlt. Beide letztgenannten geh\u00f6ren der j\u00fcngeren Generation an.<\/p>\n<p>Auch die bisherige Schatzmeisterin, Steffi Beyss, kandidierte nach 16 Jahren nicht mehr. Unter lautem Applaus wurde sie von den Anwesenden verabschiedet. Als ihr Nachfolger wurde Frank Lange gew\u00e4hlt, dem sie die Bitte mitgab, dass er immer ein waches Auge auf die Finanzen haben m\u00f6ge.<\/p>\n<p>In ihren \u00c4mtern best\u00e4tigt wurden Gesch\u00e4ftsf\u00fchrer Hans-Willi Schmitz und Mitgliederbeauftragter Maximilian Thelen. Verst\u00e4rkt wird der Vorstand durch die Beisitzer Robert van der Bloemen, Kathrin Eichler, Georg Funken, Stefan K\u00fcppers, Elvira Nolte, Ramona Peters, Kevin van Soest, Sebastian van Thiel, Sonja und Thomas Weeger sowie Stephan Wolters.<\/p>\n<div id=\"attachment_9939\" style=\"width: 400px\" class=\"wp-caption alignleft\"><img loading=\"lazy\" decoding=\"async\" aria-describedby=\"caption-attachment-9939\" class=\"wp-image-9939 size-medium\" src=\"https:\/\/cdu-kempen.de\/wp-content\/uploads\/2021\/09\/GF-Vorstand_202-08-26-390x245.jpg\" alt=\"\" width=\"390\" height=\"245\" \/><p id=\"caption-attachment-9939\" class=\"wp-caption-text\">Neuer Gesch\u00e4ftsf\u00fchrender Vorstand CDU-Stadtverband Kempen<\/p><\/div>\n<div id=\"attachment_9940\" style=\"width: 400px\" class=\"wp-caption alignleft\"><img loading=\"lazy\" decoding=\"async\" aria-describedby=\"caption-attachment-9940\" class=\"wp-image-9940 size-medium\" src=\"https:\/\/cdu-kempen.de\/wp-content\/uploads\/2021\/09\/Gesamtvorstand_2021-08-26-390x245.jpg\" alt=\"\" width=\"390\" height=\"245\" \/><p id=\"caption-attachment-9940\" class=\"wp-caption-text\">Der neue Vorstand des CDU-Stadtverbandes Kempen<\/p><\/div>\n<p>&nbsp;<\/p>\n<p>&nbsp;<\/p>\n<p>&nbsp;<\/p>\n<p>&nbsp;<\/p>\n<p>&nbsp;<\/p>\n<p>&nbsp;<\/p>\n<p>&nbsp;<\/p>\n<p>&nbsp;<\/p>\n<div id=\"attachment_9944\" style=\"width: 400px\" class=\"wp-caption alignleft\"><img loading=\"lazy\" decoding=\"async\" aria-describedby=\"caption-attachment-9944\" class=\"wp-image-9944 size-medium\" src=\"https:\/\/cdu-kempen.de\/wp-content\/uploads\/2021\/09\/Verabschiedung-Beyss_2021-08-26-390x245.jpg\" alt=\"\" width=\"390\" height=\"245\" \/><p id=\"caption-attachment-9944\" class=\"wp-caption-text\">Verabschiedung der langj\u00e4hrigen Schatzmeisterin, Steffi Beyss, durch Carsten H\u00f6ner<\/p><\/div>\n","protected":false},"excerpt":{"rendered":"<p>Der Kempener Stadtverband der CDU hat einen neuen Vorsitzenden. Carsten H\u00f6ner ist mit \u00fcberw\u00e4ltigender Mehrheit zum neuen Vorsitzenden des CDU-Stadtverbandes Kempen bei der Mitgliederversammlung im Kolpinghaus gew\u00e4hlt worden. Er erhielt bei der geheimen Abstimmung 57 Ja-Stimmen bei drei Nein-Stimmen und zwei Enthaltungen. Er tritt damit die Nachfolge von Philipp Kraft an, der das Amt des [&hellip;]<\/p>\n","protected":false},"author":5,"featured_media":9952,"comment_status":"closed","ping_status":"open","sticky":false,"template":"","format":"standard","meta":{"_et_pb_use_builder":"","_et_pb_old_content":"","_et_gb_content_width":"","footnotes":""},"categories":[1],"tags":[],"class_list":["post-9950","post","type-post","status-publish","format-standard","has-post-thumbnail","hentry","category-uncategorized"],"_links":{"self":[{"href":"https:\/\/cdu-kempen.de\/index.php\/wp-json\/wp\/v2\/posts\/9950"}],"collection":[{"href":"https:\/\/cdu-kempen.de\/index.php\/wp-json\/wp\/v2\/posts"}],"about":[{"href":"https:\/\/cdu-kempen.de\/index.php\/wp-json\/wp\/v2\/types\/post"}],"author":[{"embeddable":true,"href":"https:\/\/cdu-kempen.de\/index.php\/wp-json\/wp\/v2\/users\/5"}],"replies":[{"embeddable":true,"href":"https:\/\/cdu-kempen.de\/index.php\/wp-json\/wp\/v2\/comments?post=9950"}],"version-history":[{"count":2,"href":"https:\/\/cdu-kempen.de\/index.php\/wp-json\/wp\/v2\/posts\/9950\/revisions"}],"predecessor-version":[{"id":9953,"href":"https:\/\/cdu-kempen.de\/index.php\/wp-json\/wp\/v2\/posts\/9950\/revisions\/9953"}],"wp:featuredmedia":[{"embeddable":true,"href":"https:\/\/cdu-kempen.de\/index.php\/wp-json\/wp\/v2\/media\/9952"}],"wp:attachment":[{"href":"https:\/\/cdu-kempen.de\/index.php\/wp-json\/wp\/v2\/media?parent=9950"}],"wp:term":[{"taxonomy":"category","embeddable":true,"href":"https:\/\/cdu-kempen.de\/index.php\/wp-json\/wp\/v2\/categories?post=9950"},{"taxonomy":"post_tag","embeddable":true,"href":"https:\/\/cdu-kempen.de\/index.php\/wp-json\/wp\/v2\/tags?post=9950"}],"curies":[{"name":"wp","href":"https:\/\/api.w.org\/{rel}","templated":true}]}}