{"id":9969,"date":"2021-09-19T12:51:10","date_gmt":"2021-09-19T12:51:10","guid":{"rendered":"https:\/\/cdu-kempen.de\/?p=9969"},"modified":"2021-09-19T12:51:29","modified_gmt":"2021-09-19T12:51:29","slug":"cdu-vor-ort-gespraech-mit-dem-fraktionsvorsitzenden-2","status":"publish","type":"post","link":"https:\/\/cdu-kempen.de\/index.php\/cdu-vor-ort-gespraech-mit-dem-fraktionsvorsitzenden-2\/","title":{"rendered":"CDU vor Ort &#8211; Gespr\u00e4ch mit dem Fraktionsvorsitzenden"},"content":{"rendered":"<p>Der Fraktionsvorsitzende Jochen Herbst m\u00f6chte mit Ihnen und mit euch am Freitag, 24.09.2021 von 18.30 Uhr bis 19.30 Uhr im COMIX auf dem Peterstra\u00dfe 27 ins Gespr\u00e4ch kommen.<\/p>\n","protected":false},"excerpt":{"rendered":"<p>Der Fraktionsvorsitzende Jochen Herbst m\u00f6chte mit Ihnen und mit euch am Freitag, 24.09.2021 von 18.30 Uhr bis 19.30 Uhr im COMIX auf dem Peterstra\u00dfe 27 ins Gespr\u00e4ch kommen.<\/p>\n","protected":false},"author":6,"featured_media":9850,"comment_status":"closed","ping_status":"open","sticky":false,"template":"","format":"standard","meta":{"_et_pb_use_builder":"","_et_pb_old_content":"","_et_gb_content_width":"","footnotes":""},"categories":[1],"tags":[],"class_list":["post-9969","post","type-post","status-publish","format-standard","has-post-thumbnail","hentry","category-uncategorized"],"_links":{"self":[{"href":"https:\/\/cdu-kempen.de\/index.php\/wp-json\/wp\/v2\/posts\/9969"}],"collection":[{"href":"https:\/\/cdu-kempen.de\/index.php\/wp-json\/wp\/v2\/posts"}],"about":[{"href":"https:\/\/cdu-kempen.de\/index.php\/wp-json\/wp\/v2\/types\/post"}],"author":[{"embeddable":true,"href":"https:\/\/cdu-kempen.de\/index.php\/wp-json\/wp\/v2\/users\/6"}],"replies":[{"embeddable":true,"href":"https:\/\/cdu-kempen.de\/index.php\/wp-json\/wp\/v2\/comments?post=9969"}],"version-history":[{"count":1,"href":"https:\/\/cdu-kempen.de\/index.php\/wp-json\/wp\/v2\/posts\/9969\/revisions"}],"predecessor-version":[{"id":9970,"href":"https:\/\/cdu-kempen.de\/index.php\/wp-json\/wp\/v2\/posts\/9969\/revisions\/9970"}],"wp:featuredmedia":[{"embeddable":true,"href":"https:\/\/cdu-kempen.de\/index.php\/wp-json\/wp\/v2\/media\/9850"}],"wp:attachment":[{"href":"https:\/\/cdu-kempen.de\/index.php\/wp-json\/wp\/v2\/media?parent=9969"}],"wp:term":[{"taxonomy":"category","embeddable":true,"href":"https:\/\/cdu-kempen.de\/index.php\/wp-json\/wp\/v2\/categories?post=9969"},{"taxonomy":"post_tag","embeddable":true,"href":"https:\/\/cdu-kempen.de\/index.php\/wp-json\/wp\/v2\/tags?post=9969"}],"curies":[{"name":"wp","href":"https:\/\/api.w.org\/{rel}","templated":true}]}}