{"id":9979,"date":"2021-10-08T12:33:10","date_gmt":"2021-10-08T12:33:10","guid":{"rendered":"https:\/\/cdu-kempen.de\/?p=9979"},"modified":"2021-10-08T12:33:10","modified_gmt":"2021-10-08T12:33:10","slug":"cdu-ortsausschuss-kempen-mitte-waehlt-einen-neuen-vorstand","status":"publish","type":"post","link":"https:\/\/cdu-kempen.de\/index.php\/cdu-ortsausschuss-kempen-mitte-waehlt-einen-neuen-vorstand\/","title":{"rendered":"CDU Ortsausschuss Kempen Mitte w\u00e4hlt einen neuen Vorstand"},"content":{"rendered":"<p align=\"justify\"><span style=\"font-family: Arial, sans-serif;\">Der Ortsausschuss Kempen Mitte hat sich neu aufgestellt und ein klares Votum in Richtung Jugend abgegeben. Mit der Wahl des 18 J\u00e4hrigen Henning Funken zum Schriftf\u00fchrer, wurde im Ortsausschuss ein erster Schritt vollzogen Funktionstr\u00e4ger aus dem j\u00fcngeren Segment der Mitglieder zu generieren. Jung und am Ohr der B\u00fcrger, so sieht der Ortsausschuss die Zukunft der CDU. <\/span><\/p>\n<p align=\"justify\"><span style=\"font-family: Arial, sans-serif;\">Den gesch\u00e4ftsf\u00fchrenden Vorstand komplettieren der bisherige 1. Vorsitzende Frank Lange nun als stellvertretender Vorsitzender und Georg Funken, der nun den Ortsausschuss anf\u00fchren wird. Erg\u00e4nzt wird der Vorstand durch 7 Beisitzer. Sebastian Fierley, Dr. J\u00f6rg Gru\u00df, Thomas Koervers, Susanne Kranzusch, Elvira Nolte, Alissa Sch\u00fcrhoff und Stephan Wolters. <\/span><\/p>\n<p align=\"justify\"><span style=\"font-family: Arial, sans-serif;\">Neben den Neuwahlen standen noch Themen wie der Schulcampus und die Kurk\u00f6lnische Landesburg im Fokus der Versammlung. Hierzu wurde ein klarer Auftrag an die Fraktion formuliert, die Planungen zur Zukunft der Burg anzugehen und die B\u00fcrgerinnen und B\u00fcrger, in diesem wichtigen Thema, zum Gespr\u00e4ch und zur Mitwirkung einzuladen. Zu diesem Zweck sollen, unter anderem, die seit Jahren von der CDU ausgerichteten Burgturmbesteigungen Hilfestellung leisten.<\/span><\/p>\n","protected":false},"excerpt":{"rendered":"<p>Der Ortsausschuss Kempen Mitte hat sich neu aufgestellt und ein klares Votum in Richtung Jugend abgegeben. Mit der Wahl des 18 J\u00e4hrigen Henning Funken zum Schriftf\u00fchrer, wurde im Ortsausschuss ein erster Schritt vollzogen Funktionstr\u00e4ger aus dem j\u00fcngeren Segment der Mitglieder zu generieren. Jung und am Ohr der B\u00fcrger, so sieht der Ortsausschuss die Zukunft der [&hellip;]<\/p>\n","protected":false},"author":5,"featured_media":9977,"comment_status":"closed","ping_status":"open","sticky":false,"template":"","format":"standard","meta":{"_et_pb_use_builder":"","_et_pb_old_content":"","_et_gb_content_width":"","footnotes":""},"categories":[1],"tags":[],"class_list":["post-9979","post","type-post","status-publish","format-standard","has-post-thumbnail","hentry","category-uncategorized"],"_links":{"self":[{"href":"https:\/\/cdu-kempen.de\/index.php\/wp-json\/wp\/v2\/posts\/9979"}],"collection":[{"href":"https:\/\/cdu-kempen.de\/index.php\/wp-json\/wp\/v2\/posts"}],"about":[{"href":"https:\/\/cdu-kempen.de\/index.php\/wp-json\/wp\/v2\/types\/post"}],"author":[{"embeddable":true,"href":"https:\/\/cdu-kempen.de\/index.php\/wp-json\/wp\/v2\/users\/5"}],"replies":[{"embeddable":true,"href":"https:\/\/cdu-kempen.de\/index.php\/wp-json\/wp\/v2\/comments?post=9979"}],"version-history":[{"count":1,"href":"https:\/\/cdu-kempen.de\/index.php\/wp-json\/wp\/v2\/posts\/9979\/revisions"}],"predecessor-version":[{"id":9980,"href":"https:\/\/cdu-kempen.de\/index.php\/wp-json\/wp\/v2\/posts\/9979\/revisions\/9980"}],"wp:featuredmedia":[{"embeddable":true,"href":"https:\/\/cdu-kempen.de\/index.php\/wp-json\/wp\/v2\/media\/9977"}],"wp:attachment":[{"href":"https:\/\/cdu-kempen.de\/index.php\/wp-json\/wp\/v2\/media?parent=9979"}],"wp:term":[{"taxonomy":"category","embeddable":true,"href":"https:\/\/cdu-kempen.de\/index.php\/wp-json\/wp\/v2\/categories?post=9979"},{"taxonomy":"post_tag","embeddable":true,"href":"https:\/\/cdu-kempen.de\/index.php\/wp-json\/wp\/v2\/tags?post=9979"}],"curies":[{"name":"wp","href":"https:\/\/api.w.org\/{rel}","templated":true}]}}