{"id":9995,"date":"2021-11-09T13:21:54","date_gmt":"2021-11-09T13:21:54","guid":{"rendered":"https:\/\/cdu-kempen.de\/?p=9995"},"modified":"2021-11-09T13:21:54","modified_gmt":"2021-11-09T13:21:54","slug":"weckmannkaffee-der-cdu-kempen","status":"publish","type":"post","link":"https:\/\/cdu-kempen.de\/index.php\/weckmannkaffee-der-cdu-kempen\/","title":{"rendered":"Weckmannkaffee der CDU Kempen"},"content":{"rendered":"<div id=\"js_53\" class=\"_5pbx userContent _3576\" data-testid=\"post_message\" data-ft=\"{&quot;tn&quot;:&quot;K&quot;}\">\n<p>Am Samstag hat der CDU-Parteivorsitzende Carsten H\u00f6ner die Mitglieder der CDU Kempen zum ersten &#8222;Weckmannkaffee&#8220; ins Kolpinghaus eingeladen. Dieser Einladung sind \u00fcber 50 Mitglieder gefolgt. W\u00e4hrend der dreist\u00fcndigen Veranstaltung hatten die Mitglieder die M\u00f6glichkeit, sich intensiv \u00fcber aktuelle Themen der Kempener Politik auszutauschen. Carsten H\u00f6ner stand f\u00fcr Fragen und Anregungen gerne bereit.<\/p>\n<p>Mit der neuen Veranstaltung m\u00f6chte der CDU-Parteivorsitzende Carsten H\u00f6ner die Mitglieder mehr in die Kommunalpolitik der CDU Kempen einbeziehen und den Austausch f\u00f6rdern. Bei Kaffee und leckeren Weckm\u00e4nnern kamen die anwesenden Mitglieder ins Gespr\u00e4ch. Carsten H\u00f6ner m\u00f6chte dieses neue Format nach dem erfolgreichen Start in regelm\u00e4\u00dfigen Abst\u00e4nden fortsetzen.<\/p>\n<\/div>\n<div class=\"_3x-2\" data-ft=\"{&quot;tn&quot;:&quot;H&quot;}\">\n<div data-ft=\"{&quot;tn&quot;:&quot;H&quot;}\">\n<div class=\"mtm\">\n<div class=\"_2a2q _65sr\">\n<div class=\"uiScaledImageContainer\"><img loading=\"lazy\" decoding=\"async\" class=\"alignnone size-medium wp-image-10009\" src=\"https:\/\/cdu-kempen.de\/wp-content\/uploads\/2021\/11\/CDU-Weckmannessen-14-390x245.jpg\" alt=\"\" width=\"390\" height=\"245\" \/><img loading=\"lazy\" decoding=\"async\" class=\"size-medium wp-image-10002 aligncenter\" src=\"https:\/\/cdu-kempen.de\/wp-content\/uploads\/2021\/11\/CDU-Weckmannessen-6-390x245.jpg\" alt=\"\" width=\"390\" height=\"245\" \/><img loading=\"lazy\" decoding=\"async\" class=\"alignnone size-medium wp-image-9997\" src=\"https:\/\/cdu-kempen.de\/wp-content\/uploads\/2021\/11\/CDU-Weckmannessen-1-390x245.jpg\" alt=\"\" width=\"390\" height=\"245\" \/><\/div>\n<div class=\"uiScaledImageContainer\"><img loading=\"lazy\" decoding=\"async\" class=\"size-medium wp-image-10005 aligncenter\" src=\"https:\/\/cdu-kempen.de\/wp-content\/uploads\/2021\/11\/CDU-Weckmannessen-10-390x245.jpg\" alt=\"\" width=\"390\" height=\"245\" \/><img loading=\"lazy\" decoding=\"async\" class=\"alignnone size-medium wp-image-9999\" src=\"https:\/\/cdu-kempen.de\/wp-content\/uploads\/2021\/11\/CDU-Weckmannessen-3-390x245.jpg\" alt=\"\" width=\"390\" height=\"245\" \/><\/div>\n<\/div>\n<\/div>\n<\/div>\n<\/div>\n","protected":false},"excerpt":{"rendered":"<p>Am Samstag hat der CDU-Parteivorsitzende Carsten H\u00f6ner die Mitglieder der CDU Kempen zum ersten &#8222;Weckmannkaffee&#8220; ins Kolpinghaus eingeladen. Dieser Einladung sind \u00fcber 50 Mitglieder gefolgt. W\u00e4hrend der dreist\u00fcndigen Veranstaltung hatten die Mitglieder die M\u00f6glichkeit, sich intensiv \u00fcber aktuelle Themen der Kempener Politik auszutauschen. Carsten H\u00f6ner stand f\u00fcr Fragen und Anregungen gerne bereit. Mit der neuen [&hellip;]<\/p>\n","protected":false},"author":5,"featured_media":9997,"comment_status":"closed","ping_status":"open","sticky":false,"template":"","format":"standard","meta":{"_et_pb_use_builder":"","_et_pb_old_content":"","_et_gb_content_width":"","footnotes":""},"categories":[1],"tags":[],"class_list":["post-9995","post","type-post","status-publish","format-standard","has-post-thumbnail","hentry","category-uncategorized"],"_links":{"self":[{"href":"https:\/\/cdu-kempen.de\/index.php\/wp-json\/wp\/v2\/posts\/9995"}],"collection":[{"href":"https:\/\/cdu-kempen.de\/index.php\/wp-json\/wp\/v2\/posts"}],"about":[{"href":"https:\/\/cdu-kempen.de\/index.php\/wp-json\/wp\/v2\/types\/post"}],"author":[{"embeddable":true,"href":"https:\/\/cdu-kempen.de\/index.php\/wp-json\/wp\/v2\/users\/5"}],"replies":[{"embeddable":true,"href":"https:\/\/cdu-kempen.de\/index.php\/wp-json\/wp\/v2\/comments?post=9995"}],"version-history":[{"count":2,"href":"https:\/\/cdu-kempen.de\/index.php\/wp-json\/wp\/v2\/posts\/9995\/revisions"}],"predecessor-version":[{"id":10010,"href":"https:\/\/cdu-kempen.de\/index.php\/wp-json\/wp\/v2\/posts\/9995\/revisions\/10010"}],"wp:featuredmedia":[{"embeddable":true,"href":"https:\/\/cdu-kempen.de\/index.php\/wp-json\/wp\/v2\/media\/9997"}],"wp:attachment":[{"href":"https:\/\/cdu-kempen.de\/index.php\/wp-json\/wp\/v2\/media?parent=9995"}],"wp:term":[{"taxonomy":"category","embeddable":true,"href":"https:\/\/cdu-kempen.de\/index.php\/wp-json\/wp\/v2\/categories?post=9995"},{"taxonomy":"post_tag","embeddable":true,"href":"https:\/\/cdu-kempen.de\/index.php\/wp-json\/wp\/v2\/tags?post=9995"}],"curies":[{"name":"wp","href":"https:\/\/api.w.org\/{rel}","templated":true}]}}